{"id":8898,"date":"2026-08-31T12:51:08","date_gmt":"2026-08-31T10:51:08","guid":{"rendered":"https:\/\/annuaire-monaco.mc\/news-monaco\/?p=8898"},"modified":"2026-08-31T12:52:04","modified_gmt":"2026-08-31T10:52:04","slug":"salon-international-du-livre-de-monaco-plus-de-120-auteurs-attendus-pour-la-15e-edition","status":"publish","type":"post","link":"https:\/\/annuaire-monaco.mc\/news-monaco\/salon-international-du-livre-de-monaco-plus-de-120-auteurs-attendus-pour-la-15e-edition\/","title":{"rendered":"Salon international du livre de Monaco : plus de 120 auteurs attendus pour la 15e \u00e9dition"},"content":{"rendered":"\n<p><strong>Le Grimaldi Forum accueillera, les 5 et 6 septembre, la 15e \u00e9dition du Salon international du livre de Monaco. Plus de 120 auteurs participeront \u00e0 ce rendez-vous litt\u00e9raire plac\u00e9 cette ann\u00e9e sous le parrainage du politologue Gilles Kepel. Hubert V\u00e9drine, Vladimir F\u00e9dorovski et \u00c9tienne Klein figurent notamment parmi les invit\u00e9s.<\/strong><\/p>\n\n\n\n<p><\/p>\n\n\n\n<p>our son quinzi\u00e8me anniversaire, le Salon international du livre de Monaco r\u00e9unira une nouvelle fois \u00e9crivains, essayistes, personnalit\u00e9s, scientifiques et intellectuels autour de rencontres avec le public.<\/p>\n\n\n\n<p>Cr\u00e9\u00e9 au d\u00e9but des ann\u00e9es 2010 \u00e0 l&rsquo;initiative d&rsquo;Yvette Gazza-Cellario, pr\u00e9sidente des Rencontres Litt\u00e9raires Fabian Boisson, l&rsquo;\u00e9v\u00e9nement s&rsquo;est progressivement install\u00e9 dans le paysage culturel mon\u00e9gasque.<\/p>\n\n\n\n<p>Apr\u00e8s plusieurs ann\u00e9es de d\u00e9veloppement et diff\u00e9rents lieux d&rsquo;accueil, le Salon a trouv\u00e9 depuis cinq ans son \u00e9crin au <strong>Grimaldi Forum Monaco<\/strong>. Le rendez-vous attire d\u00e9sormais pr\u00e8s de <strong>4 000 visiteurs par \u00e9dition<\/strong>.<\/p>\n\n\n\n<h2 class=\"wp-block-heading\">Hubert V\u00e9drine, Gilles Kepel, Vladimir F\u00e9dorovski et \u00c9tienne Klein au rendez-vous<\/h2>\n\n\n\n<p>Pour cette \u00e9dition anniversaire, les organisateurs ont r\u00e9uni des personnalit\u00e9s issues d&rsquo;univers tr\u00e8s diff\u00e9rents.<\/p>\n\n\n\n<p>Le Salon sera parrain\u00e9 par <strong>Gilles Kepel<\/strong>, politologue et sp\u00e9cialiste reconnu du monde arabe contemporain et de l&rsquo;islam.<\/p>\n\n\n\n<p>Parmi les principales personnalit\u00e9s attendues figure \u00e9galement <strong>Hubert V\u00e9drine<\/strong>, ancien ministre fran\u00e7ais des Affaires \u00e9trang\u00e8res. Le public pourra aussi rencontrer <strong>Vladimir F\u00e9dorovski<\/strong>, ancien diplomate sovi\u00e9tique devenu \u00e9crivain, notamment connu pour <em>Le Roman de Saint-P\u00e9tersbourg<\/em>.<\/p>\n\n\n\n<p>La science occupera \u00e9galement une place dans la programmation avec la pr\u00e9sence du physicien et philosophe des sciences <strong>\u00c9tienne Klein<\/strong>.<\/p>\n\n\n\n<p>De nombreux autres auteurs et personnalit\u00e9s participeront aux rencontres, parmi lesquels <strong>Louis-Henri de La Rochefoucauld, Emmanuelle de Boysson, Jacques Dallest et Najwa El Ha\u00eft\u00e9<\/strong>.<\/p>\n\n\n\n<p>Plusieurs personnalit\u00e9s connues du grand public et de la t\u00e9l\u00e9vision seront \u00e9galement pr\u00e9sentes, notamment <strong>Pascal Bataille, Val\u00e9rie Bena\u00efm et Herv\u00e9 Pouchol<\/strong>.<\/p>\n\n\n\n<h2 class=\"wp-block-heading\">Le programme du samedi 5 septembre<\/h2>\n\n\n\n<p><strong>Grande Salle<\/strong><\/p>\n\n\n\n<p><strong>14h00<\/strong> \u2014 Prix du livre sportif, avec Luis Fernandez et Sarah Ourahmoune<br><strong>14h30<\/strong> \u2014 Hubert V\u00e9drine<br><strong>15h30<\/strong> \u2014 Vladimir F\u00e9dorovski<br><strong>16h30<\/strong> \u2014 \u00c9tienne Klein et Daniel Lauclair<br><strong>17h30<\/strong> \u2014 Yvon Bertorello et Eric R\u00fcckstuhl<\/p>\n\n\n\n<p><strong>Salle Auric<\/strong><\/p>\n\n\n\n<p><strong>15h00<\/strong> \u2014 Dr Pierre-Alexis Geoffroy<br><strong>15h45<\/strong> \u2014 Pascal Bataille, Val\u00e9rie Bena\u00efm et Herv\u00e9 Pouchol<br><strong>17h00<\/strong> \u2014 Palmar\u00e8s des lyc\u00e9ens<\/p>\n\n\n\n<h2 class=\"wp-block-heading\">Le programme du dimanche 6 septembre<\/h2>\n\n\n\n<p><strong>Grande Salle<\/strong><\/p>\n\n\n\n<p><strong>14h00<\/strong> \u2014 Prix de l&rsquo;\u00c9v\u00each\u00e9 \u2013 Rotary Club de Monaco<br><strong>14h30<\/strong> \u2014 Louis-Henri de La Rochefoucauld et Emmanuelle de Boysson<br><strong>15h15<\/strong> \u2014 Gilles Kepel et la colonelle Enora Chame<br><strong>16h00<\/strong> \u2014 Emmanuel Pierrat, Najwa El Ha\u00eft\u00e9 et Jacques Dallest<br><strong>16h45<\/strong> \u2014 J\u00e9r\u00f4me Palazzolo et Richard Gougis<\/p>\n\n\n\n<p><strong>Salle Auric<\/strong><\/p>\n\n\n\n<p><strong>15h30<\/strong> \u2014 Julien Dassin et Jean-Pierre Danel<br><strong>16h45<\/strong> \u2014 David Milliat et Patrice Ponza<\/p>\n\n\n\n<p>Pendant deux jours, cette 15e \u00e9dition offrira ainsi au public mon\u00e9gasque un programme m\u00ealant <strong>litt\u00e9rature, g\u00e9opolitique, sciences, soci\u00e9t\u00e9, sport et culture<\/strong>, avec de nombreuses occasions d&rsquo;\u00e9changer directement avec les auteurs pr\u00e9sents au Grimaldi Forum.<\/p>\n","protected":false},"excerpt":{"rendered":"Le Grimaldi Forum accueillera, les 5 et 6 septembre, la 15e \u00e9dition du Salon international du livre de Monaco. Plus de 120 auteurs participeront \u00e0 ce rendez-vous litt\u00e9raire plac\u00e9 cette ann\u00e9e sous le parrainage du politologue Gilles Kepel. Hubert V\u00e9drine, Vladimir F\u00e9dorovski et \u00c9tienne Klein figurent notamment parmi les invit\u00e9s. our son quinzi\u00e8me anniversaire, le [&hellip;]","protected":false},"author":15,"featured_media":8899,"comment_status":"closed","ping_status":"closed","sticky":false,"template":"","format":"standard","meta":{"footnotes":""},"categories":[3,59,3643],"tags":[],"class_list":["post-8898","post","type-post","status-publish","format-standard","has-post-thumbnail","hentry","category-alaune","category-culture","category-dart-dart"],"yoast_head":"<!-- This site is optimized with the Yoast SEO plugin v25.6 - https:\/\/yoast.com\/wordpress\/plugins\/seo\/ -->\n<title>Salon international du livre de Monaco : plus de 120 auteurs attendus pour la 15e \u00e9dition - Pages Jaunes Monaco - Actualit\u00e9 \u00e0 Monaco<\/title>\n<meta name=\"robots\" content=\"index, follow, max-snippet:-1, max-image-preview:large, max-video-preview:-1\" \/>\n<link rel=\"canonical\" href=\"https:\/\/annuaire-monaco.mc\/news-monaco\/salon-international-du-livre-de-monaco-plus-de-120-auteurs-attendus-pour-la-15e-edition\/\" \/>\n<meta property=\"og:locale\" content=\"fr_FR\" \/>\n<meta property=\"og:type\" content=\"article\" \/>\n<meta property=\"og:title\" content=\"Salon international du livre de Monaco : plus de 120 auteurs attendus pour la 15e \u00e9dition - Pages Jaunes Monaco - Actualit\u00e9 \u00e0 Monaco\" \/>\n<meta property=\"og:description\" content=\"Le Grimaldi Forum accueillera, les 5 et 6 septembre, la 15e \u00e9dition du Salon international du livre de Monaco. Plus de 120 auteurs participeront \u00e0 ce rendez-vous litt\u00e9raire plac\u00e9 cette ann\u00e9e sous le parrainage du politologue Gilles Kepel. Hubert V\u00e9drine, Vladimir F\u00e9dorovski et \u00c9tienne Klein figurent notamment parmi les invit\u00e9s. our son quinzi\u00e8me anniversaire, le [&hellip;]\" \/>\n<meta property=\"og:url\" content=\"https:\/\/annuaire-monaco.mc\/news-monaco\/salon-international-du-livre-de-monaco-plus-de-120-auteurs-attendus-pour-la-15e-edition\/\" \/>\n<meta property=\"og:site_name\" content=\"Pages Jaunes Monaco - Actualit\u00e9 \u00e0 Monaco\" \/>\n<meta property=\"article:published_time\" content=\"2026-08-31T10:51:08+00:00\" \/>\n<meta property=\"article:modified_time\" content=\"2026-08-31T10:52:04+00:00\" \/>\n<meta property=\"og:image\" content=\"https:\/\/annuaire-monaco.mc\/news-monaco\/wp-content\/uploads\/2026\/08\/Capture-decran-2026-08-31-a-12.49.34-PM-700x393.png\" \/>\n\t<meta property=\"og:image:width\" content=\"700\" \/>\n\t<meta property=\"og:image:height\" content=\"393\" \/>\n\t<meta property=\"og:image:type\" content=\"image\/png\" \/>\n<meta name=\"author\" content=\"COMPLUSMEDIA\" \/>\n<meta name=\"twitter:card\" content=\"summary_large_image\" \/>\n<meta name=\"twitter:label1\" content=\"\u00c9crit par\" \/>\n\t<meta name=\"twitter:data1\" content=\"COMPLUSMEDIA\" \/>\n\t<meta name=\"twitter:label2\" content=\"Dur\u00e9e de lecture estim\u00e9e\" \/>\n\t<meta name=\"twitter:data2\" content=\"3 minutes\" \/>\n<script type=\"application\/ld+json\" class=\"yoast-schema-graph\">{\"@context\":\"https:\/\/schema.org\",\"@graph\":[{\"@type\":\"WebPage\",\"@id\":\"https:\/\/annuaire-monaco.mc\/news-monaco\/salon-international-du-livre-de-monaco-plus-de-120-auteurs-attendus-pour-la-15e-edition\/\",\"url\":\"https:\/\/annuaire-monaco.mc\/news-monaco\/salon-international-du-livre-de-monaco-plus-de-120-auteurs-attendus-pour-la-15e-edition\/\",\"name\":\"Salon international du livre de Monaco : plus de 120 auteurs attendus pour la 15e \u00e9dition - Pages Jaunes Monaco - Actualit\u00e9 \u00e0 Monaco\",\"isPartOf\":{\"@id\":\"https:\/\/annuaire-monaco.mc\/news-monaco\/#website\"},\"primaryImageOfPage\":{\"@id\":\"https:\/\/annuaire-monaco.mc\/news-monaco\/salon-international-du-livre-de-monaco-plus-de-120-auteurs-attendus-pour-la-15e-edition\/#primaryimage\"},\"image\":{\"@id\":\"https:\/\/annuaire-monaco.mc\/news-monaco\/salon-international-du-livre-de-monaco-plus-de-120-auteurs-attendus-pour-la-15e-edition\/#primaryimage\"},\"thumbnailUrl\":\"https:\/\/annuaire-monaco.mc\/news-monaco\/wp-content\/uploads\/2026\/08\/Capture-decran-2026-08-31-a-12.49.34-PM.png\",\"datePublished\":\"2026-08-31T10:51:08+00:00\",\"dateModified\":\"2026-08-31T10:52:04+00:00\",\"author\":{\"@id\":\"https:\/\/annuaire-monaco.mc\/news-monaco\/#\/schema\/person\/74c2ec4f3819c5974ddfc7c6956cd36c\"},\"breadcrumb\":{\"@id\":\"https:\/\/annuaire-monaco.mc\/news-monaco\/salon-international-du-livre-de-monaco-plus-de-120-auteurs-attendus-pour-la-15e-edition\/#breadcrumb\"},\"inLanguage\":\"fr-FR\",\"potentialAction\":[{\"@type\":\"ReadAction\",\"target\":[\"https:\/\/annuaire-monaco.mc\/news-monaco\/salon-international-du-livre-de-monaco-plus-de-120-auteurs-attendus-pour-la-15e-edition\/\"]}]},{\"@type\":\"ImageObject\",\"inLanguage\":\"fr-FR\",\"@id\":\"https:\/\/annuaire-monaco.mc\/news-monaco\/salon-international-du-livre-de-monaco-plus-de-120-auteurs-attendus-pour-la-15e-edition\/#primaryimage\",\"url\":\"https:\/\/annuaire-monaco.mc\/news-monaco\/wp-content\/uploads\/2026\/08\/Capture-decran-2026-08-31-a-12.49.34-PM.png\",\"contentUrl\":\"https:\/\/annuaire-monaco.mc\/news-monaco\/wp-content\/uploads\/2026\/08\/Capture-decran-2026-08-31-a-12.49.34-PM.png\",\"width\":1714,\"height\":962,\"caption\":\"\u00a9 Grimaldi Forum Monaco\"},{\"@type\":\"BreadcrumbList\",\"@id\":\"https:\/\/annuaire-monaco.mc\/news-monaco\/salon-international-du-livre-de-monaco-plus-de-120-auteurs-attendus-pour-la-15e-edition\/#breadcrumb\",\"itemListElement\":[{\"@type\":\"ListItem\",\"position\":1,\"name\":\"Accueil\",\"item\":\"https:\/\/annuaire-monaco.mc\/news-monaco\/\"},{\"@type\":\"ListItem\",\"position\":2,\"name\":\"Salon international du livre de Monaco : plus de 120 auteurs attendus pour la 15e \u00e9dition\"}]},{\"@type\":\"WebSite\",\"@id\":\"https:\/\/annuaire-monaco.mc\/news-monaco\/#website\",\"url\":\"https:\/\/annuaire-monaco.mc\/news-monaco\/\",\"name\":\"Pages Jaunes Monaco - Actualit\u00e9 \u00e0 Monaco\",\"description\":\"L&#039;annuaire officiel de Monaco\",\"potentialAction\":[{\"@type\":\"SearchAction\",\"target\":{\"@type\":\"EntryPoint\",\"urlTemplate\":\"https:\/\/annuaire-monaco.mc\/news-monaco\/?s={search_term_string}\"},\"query-input\":{\"@type\":\"PropertyValueSpecification\",\"valueRequired\":true,\"valueName\":\"search_term_string\"}}],\"inLanguage\":\"fr-FR\"},{\"@type\":\"Person\",\"@id\":\"https:\/\/annuaire-monaco.mc\/news-monaco\/#\/schema\/person\/74c2ec4f3819c5974ddfc7c6956cd36c\",\"name\":\"COMPLUSMEDIA\",\"image\":{\"@type\":\"ImageObject\",\"inLanguage\":\"fr-FR\",\"@id\":\"https:\/\/annuaire-monaco.mc\/news-monaco\/#\/schema\/person\/image\/\",\"url\":\"https:\/\/secure.gravatar.com\/avatar\/239cfc2daf13ab4bc4762181790acb16887db304124437aea8b3b5b33f19beea?s=96&d=mm&r=g\",\"contentUrl\":\"https:\/\/secure.gravatar.com\/avatar\/239cfc2daf13ab4bc4762181790acb16887db304124437aea8b3b5b33f19beea?s=96&d=mm&r=g\",\"caption\":\"COMPLUSMEDIA\"},\"url\":\"https:\/\/annuaire-monaco.mc\/news-monaco\/author\/nicolas\/\"}]}<\/script>\n<!-- \/ Yoast SEO plugin. -->","yoast_head_json":{"title":"Salon international du livre de Monaco : plus de 120 auteurs attendus pour la 15e \u00e9dition - Pages Jaunes Monaco - Actualit\u00e9 \u00e0 Monaco","robots":{"index":"index","follow":"follow","max-snippet":"max-snippet:-1","max-image-preview":"max-image-preview:large","max-video-preview":"max-video-preview:-1"},"canonical":"https:\/\/annuaire-monaco.mc\/news-monaco\/salon-international-du-livre-de-monaco-plus-de-120-auteurs-attendus-pour-la-15e-edition\/","og_locale":"fr_FR","og_type":"article","og_title":"Salon international du livre de Monaco : plus de 120 auteurs attendus pour la 15e \u00e9dition - Pages Jaunes Monaco - Actualit\u00e9 \u00e0 Monaco","og_description":"Le Grimaldi Forum accueillera, les 5 et 6 septembre, la 15e \u00e9dition du Salon international du livre de Monaco. Plus de 120 auteurs participeront \u00e0 ce rendez-vous litt\u00e9raire plac\u00e9 cette ann\u00e9e sous le parrainage du politologue Gilles Kepel. Hubert V\u00e9drine, Vladimir F\u00e9dorovski et \u00c9tienne Klein figurent notamment parmi les invit\u00e9s. our son quinzi\u00e8me anniversaire, le [&hellip;]","og_url":"https:\/\/annuaire-monaco.mc\/news-monaco\/salon-international-du-livre-de-monaco-plus-de-120-auteurs-attendus-pour-la-15e-edition\/","og_site_name":"Pages Jaunes Monaco - Actualit\u00e9 \u00e0 Monaco","article_published_time":"2026-08-31T10:51:08+00:00","article_modified_time":"2026-08-31T10:52:04+00:00","og_image":[{"width":700,"height":393,"url":"https:\/\/annuaire-monaco.mc\/news-monaco\/wp-content\/uploads\/2026\/08\/Capture-decran-2026-08-31-a-12.49.34-PM-700x393.png","type":"image\/png"}],"author":"COMPLUSMEDIA","twitter_card":"summary_large_image","twitter_misc":{"\u00c9crit par":"COMPLUSMEDIA","Dur\u00e9e de lecture estim\u00e9e":"3 minutes"},"schema":{"@context":"https:\/\/schema.org","@graph":[{"@type":"WebPage","@id":"https:\/\/annuaire-monaco.mc\/news-monaco\/salon-international-du-livre-de-monaco-plus-de-120-auteurs-attendus-pour-la-15e-edition\/","url":"https:\/\/annuaire-monaco.mc\/news-monaco\/salon-international-du-livre-de-monaco-plus-de-120-auteurs-attendus-pour-la-15e-edition\/","name":"Salon international du livre de Monaco : plus de 120 auteurs attendus pour la 15e \u00e9dition - Pages Jaunes Monaco - Actualit\u00e9 \u00e0 Monaco","isPartOf":{"@id":"https:\/\/annuaire-monaco.mc\/news-monaco\/#website"},"primaryImageOfPage":{"@id":"https:\/\/annuaire-monaco.mc\/news-monaco\/salon-international-du-livre-de-monaco-plus-de-120-auteurs-attendus-pour-la-15e-edition\/#primaryimage"},"image":{"@id":"https:\/\/annuaire-monaco.mc\/news-monaco\/salon-international-du-livre-de-monaco-plus-de-120-auteurs-attendus-pour-la-15e-edition\/#primaryimage"},"thumbnailUrl":"https:\/\/annuaire-monaco.mc\/news-monaco\/wp-content\/uploads\/2026\/08\/Capture-decran-2026-08-31-a-12.49.34-PM.png","datePublished":"2026-08-31T10:51:08+00:00","dateModified":"2026-08-31T10:52:04+00:00","author":{"@id":"https:\/\/annuaire-monaco.mc\/news-monaco\/#\/schema\/person\/74c2ec4f3819c5974ddfc7c6956cd36c"},"breadcrumb":{"@id":"https:\/\/annuaire-monaco.mc\/news-monaco\/salon-international-du-livre-de-monaco-plus-de-120-auteurs-attendus-pour-la-15e-edition\/#breadcrumb"},"inLanguage":"fr-FR","potentialAction":[{"@type":"ReadAction","target":["https:\/\/annuaire-monaco.mc\/news-monaco\/salon-international-du-livre-de-monaco-plus-de-120-auteurs-attendus-pour-la-15e-edition\/"]}]},{"@type":"ImageObject","inLanguage":"fr-FR","@id":"https:\/\/annuaire-monaco.mc\/news-monaco\/salon-international-du-livre-de-monaco-plus-de-120-auteurs-attendus-pour-la-15e-edition\/#primaryimage","url":"https:\/\/annuaire-monaco.mc\/news-monaco\/wp-content\/uploads\/2026\/08\/Capture-decran-2026-08-31-a-12.49.34-PM.png","contentUrl":"https:\/\/annuaire-monaco.mc\/news-monaco\/wp-content\/uploads\/2026\/08\/Capture-decran-2026-08-31-a-12.49.34-PM.png","width":1714,"height":962,"caption":"\u00a9 Grimaldi Forum Monaco"},{"@type":"BreadcrumbList","@id":"https:\/\/annuaire-monaco.mc\/news-monaco\/salon-international-du-livre-de-monaco-plus-de-120-auteurs-attendus-pour-la-15e-edition\/#breadcrumb","itemListElement":[{"@type":"ListItem","position":1,"name":"Accueil","item":"https:\/\/annuaire-monaco.mc\/news-monaco\/"},{"@type":"ListItem","position":2,"name":"Salon international du livre de Monaco : plus de 120 auteurs attendus pour la 15e \u00e9dition"}]},{"@type":"WebSite","@id":"https:\/\/annuaire-monaco.mc\/news-monaco\/#website","url":"https:\/\/annuaire-monaco.mc\/news-monaco\/","name":"Pages Jaunes Monaco - Actualit\u00e9 \u00e0 Monaco","description":"L&#039;annuaire officiel de Monaco","potentialAction":[{"@type":"SearchAction","target":{"@type":"EntryPoint","urlTemplate":"https:\/\/annuaire-monaco.mc\/news-monaco\/?s={search_term_string}"},"query-input":{"@type":"PropertyValueSpecification","valueRequired":true,"valueName":"search_term_string"}}],"inLanguage":"fr-FR"},{"@type":"Person","@id":"https:\/\/annuaire-monaco.mc\/news-monaco\/#\/schema\/person\/74c2ec4f3819c5974ddfc7c6956cd36c","name":"COMPLUSMEDIA","image":{"@type":"ImageObject","inLanguage":"fr-FR","@id":"https:\/\/annuaire-monaco.mc\/news-monaco\/#\/schema\/person\/image\/","url":"https:\/\/secure.gravatar.com\/avatar\/239cfc2daf13ab4bc4762181790acb16887db304124437aea8b3b5b33f19beea?s=96&d=mm&r=g","contentUrl":"https:\/\/secure.gravatar.com\/avatar\/239cfc2daf13ab4bc4762181790acb16887db304124437aea8b3b5b33f19beea?s=96&d=mm&r=g","caption":"COMPLUSMEDIA"},"url":"https:\/\/annuaire-monaco.mc\/news-monaco\/author\/nicolas\/"}]}},"amp_enabled":true,"_links":{"self":[{"href":"https:\/\/annuaire-monaco.mc\/news-monaco\/wp-json\/wp\/v2\/posts\/8898","targetHints":{"allow":["GET"]}}],"collection":[{"href":"https:\/\/annuaire-monaco.mc\/news-monaco\/wp-json\/wp\/v2\/posts"}],"about":[{"href":"https:\/\/annuaire-monaco.mc\/news-monaco\/wp-json\/wp\/v2\/types\/post"}],"author":[{"embeddable":true,"href":"https:\/\/annuaire-monaco.mc\/news-monaco\/wp-json\/wp\/v2\/users\/15"}],"replies":[{"embeddable":true,"href":"https:\/\/annuaire-monaco.mc\/news-monaco\/wp-json\/wp\/v2\/comments?post=8898"}],"version-history":[{"count":1,"href":"https:\/\/annuaire-monaco.mc\/news-monaco\/wp-json\/wp\/v2\/posts\/8898\/revisions"}],"predecessor-version":[{"id":8900,"href":"https:\/\/annuaire-monaco.mc\/news-monaco\/wp-json\/wp\/v2\/posts\/8898\/revisions\/8900"}],"wp:featuredmedia":[{"embeddable":true,"href":"https:\/\/annuaire-monaco.mc\/news-monaco\/wp-json\/wp\/v2\/media\/8899"}],"wp:attachment":[{"href":"https:\/\/annuaire-monaco.mc\/news-monaco\/wp-json\/wp\/v2\/media?parent=8898"}],"wp:term":[{"taxonomy":"category","embeddable":true,"href":"https:\/\/annuaire-monaco.mc\/news-monaco\/wp-json\/wp\/v2\/categories?post=8898"},{"taxonomy":"post_tag","embeddable":true,"href":"https:\/\/annuaire-monaco.mc\/news-monaco\/wp-json\/wp\/v2\/tags?post=8898"}],"curies":[{"name":"wp","href":"https:\/\/api.w.org\/{rel}","templated":true}]}}