{"id":8901,"date":"2026-08-31T13:17:11","date_gmt":"2026-08-31T11:17:11","guid":{"rendered":"https:\/\/annuaire-monaco.mc\/news-monaco\/?p=8901"},"modified":"2026-08-31T13:58:05","modified_gmt":"2026-08-31T11:58:05","slug":"la-vuelta-2026-monaco-a-donne-le-coup-denvoi-dune-edition-spectaculaire","status":"publish","type":"post","link":"https:\/\/annuaire-monaco.mc\/news-monaco\/la-vuelta-2026-monaco-a-donne-le-coup-denvoi-dune-edition-spectaculaire\/","title":{"rendered":"La Vuelta 2026 : Monaco a donn\u00e9 le coup d&rsquo;envoi d&rsquo;une \u00e9dition spectaculaire"},"content":{"rendered":"\n<p><strong>Les 22 et 23 ao\u00fbt, la Principaut\u00e9 de Monaco a accueilli les deux premi\u00e8res \u00e9tapes de La Vuelta 2026. Un Grand D\u00e9part exceptionnel qui a plac\u00e9 Monaco au c\u0153ur du cyclisme international, avec un contre-la-montre remport\u00e9 par Tadej Poga\u010dar puis le d\u00e9part de la deuxi\u00e8me \u00e9tape en direction de Manosque.<\/strong><\/p>\n\n\n\n<p>Pendant deux jours, Monaco a v\u00e9cu au rythme de La Vuelta. Pour la premi\u00e8re fois, le Tour d&rsquo;Espagne a choisi la Principaut\u00e9 pour lancer son \u00e9dition 2026, offrant au public mon\u00e9gasque l&rsquo;occasion d&rsquo;approcher les plus grands noms du peloton international.<\/p>\n\n\n\n<h2 class=\"wp-block-heading\">Un contre-la-montre de 9,4 km au c\u0153ur de Monaco<\/h2>\n\n\n\n<p>Le samedi 22 ao\u00fbt, les coureurs ont ouvert la comp\u00e9tition avec un contre-la-montre individuel de <strong>9,4 kilom\u00e8tres enti\u00e8rement trac\u00e9 en Principaut\u00e9<\/strong>. Le d\u00e9part \u00e9tait install\u00e9 sur la mythique place du Casino. Le parcours traversait ensuite plusieurs secteurs embl\u00e9matiques de Monaco avant une arriv\u00e9e boulevard Albert Ier.<\/p>\n\n\n\n<p>Une configuration particuli\u00e8rement spectaculaire, m\u00ealant les rues de la Principaut\u00e9 et plusieurs portions bien connues des amateurs de sport automobile. Au terme de cet exercice chronom\u00e9tr\u00e9, <strong>Tadej Poga\u010dar<\/strong> s&rsquo;est montr\u00e9 le plus rapide. Le Slov\u00e8ne d&rsquo;UAE Team Emirates-XRG a ainsi remport\u00e9 la premi\u00e8re \u00e9tape et endoss\u00e9 le premier maillot rouge de leader de cette Vuelta 2026.<\/p>\n\n\n\n<h2 class=\"wp-block-heading\">Le Prince Albert II au d\u00e9part de la deuxi\u00e8me \u00e9tape<\/h2>\n\n\n\n<p>Le lendemain, dimanche 23 ao\u00fbt, les regards se sont tourn\u00e9s vers un autre lieu embl\u00e9matique de Monaco : <strong>la place du Palais Princier<\/strong>. Les 184 coureurs engag\u00e9s dans cette \u00e9dition s&rsquo;y sont retrouv\u00e9s avant le d\u00e9part de la deuxi\u00e8me \u00e9tape. La matin\u00e9e a \u00e9galement \u00e9t\u00e9 marqu\u00e9e par une initiative de <strong>Peace and Sport<\/strong>, r\u00e9unissant plusieurs Champions de la Paix autour d&rsquo;une \u00ab Ride for Peace \u00bb. Le Prince Albert II a particip\u00e9 aux c\u00e9r\u00e9monies pr\u00e9c\u00e9dant le d\u00e9part, aux c\u00f4t\u00e9s notamment de Javier Guill\u00e9n, directeur g\u00e9n\u00e9ral de La Vuelta, et de Jo\u00ebl Bouzou, pr\u00e9sident-fondateur de Peace and Sport. Le Souverain a \u00e9galement re\u00e7u un maillot de l&rsquo;\u00e9quipe XDS-Astana remis par <strong>Victor Langellotti<\/strong>, repr\u00e9sentant mon\u00e9gasque engag\u00e9 sur cette Vuelta. Apr\u00e8s la c\u00e9r\u00e9monie organis\u00e9e sur la place du Palais, le peloton a quitt\u00e9 Monaco pour prendre la direction de Manosque.<\/p>\n\n\n\n<h2 class=\"wp-block-heading\">Plus de 214 kilom\u00e8tres entre Monaco et Manosque<\/h2>\n\n\n\n<p>Cette deuxi\u00e8me \u00e9tape proposait aux coureurs un parcours accident\u00e9 de <strong>214,3 kilom\u00e8tres<\/strong> entre la Principaut\u00e9 et Manosque. Apr\u00e8s plusieurs heures de course, la victoire s&rsquo;est jou\u00e9e dans le final entre les hommes forts du peloton. Le Britannique <strong>Matthew Brennan<\/strong>, membre de la formation Visma-Lease a Bike, s&rsquo;est finalement impos\u00e9 devant l&rsquo;Espagnol <strong>Pau Miquel<\/strong> et Tadej Poga\u010dar.<\/p>\n\n\n\n<p>Troisi\u00e8me de l&rsquo;\u00e9tape, le Slov\u00e8ne conservait ainsi le maillot rouge acquis la veille \u00e0 Monaco.<\/p>\n\n\n\n<h2 class=\"wp-block-heading\">Monaco, vitrine internationale pour le d\u00e9part de La Vuelta<\/h2>\n\n\n\n<p>Au-del\u00e0 de la comp\u00e9tition, ce Grand D\u00e9part constituait un \u00e9v\u00e9nement particuli\u00e8rement important pour la Principaut\u00e9. Apr\u00e8s le Grand Prix de Formule 1, le Rolex Monte-Carlo Masters ou encore les grands rendez-vous nautiques, Monaco a une nouvelle fois utilis\u00e9 son territoire comme d\u00e9cor d&rsquo;une comp\u00e9tition sportive internationale majeure. Les images des coureurs devant le Casino, sur le port Hercule ou encore devant le Palais Princier ont offert \u00e0 la Principaut\u00e9 une importante visibilit\u00e9 internationale.<\/p>\n\n\n\n<p>La Vuelta a depuis poursuivi sa route. L&rsquo;\u00e9dition 2026 compte <strong>21 \u00e9tapes et 3 275 kilom\u00e8tres<\/strong>, avant son arriv\u00e9e finale programm\u00e9e le 13 septembre.<\/p>\n","protected":false},"excerpt":{"rendered":"Les 22 et 23 ao\u00fbt, la Principaut\u00e9 de Monaco a accueilli les deux premi\u00e8res \u00e9tapes de La Vuelta 2026. Un Grand D\u00e9part exceptionnel qui a plac\u00e9 Monaco au c\u0153ur du cyclisme international, avec un contre-la-montre remport\u00e9 par Tadej Poga\u010dar puis le d\u00e9part de la deuxi\u00e8me \u00e9tape en direction de Manosque. Pendant deux jours, Monaco a [&hellip;]","protected":false},"author":15,"featured_media":8905,"comment_status":"closed","ping_status":"closed","sticky":false,"template":"","format":"standard","meta":{"footnotes":""},"categories":[1,61],"tags":[],"class_list":["post-8901","post","type-post","status-publish","format-standard","has-post-thumbnail","hentry","category-non-classe","category-sport"],"yoast_head":"<!-- This site is optimized with the Yoast SEO plugin v25.6 - https:\/\/yoast.com\/wordpress\/plugins\/seo\/ -->\n<title>La Vuelta 2026 : Monaco a donn\u00e9 le coup d&#039;envoi d&#039;une \u00e9dition spectaculaire - Pages Jaunes Monaco - Actualit\u00e9 \u00e0 Monaco<\/title>\n<meta name=\"robots\" content=\"index, follow, max-snippet:-1, max-image-preview:large, max-video-preview:-1\" \/>\n<link rel=\"canonical\" href=\"https:\/\/annuaire-monaco.mc\/news-monaco\/la-vuelta-2026-monaco-a-donne-le-coup-denvoi-dune-edition-spectaculaire\/\" \/>\n<meta property=\"og:locale\" content=\"fr_FR\" \/>\n<meta property=\"og:type\" content=\"article\" \/>\n<meta property=\"og:title\" content=\"La Vuelta 2026 : Monaco a donn\u00e9 le coup d&#039;envoi d&#039;une \u00e9dition spectaculaire - Pages Jaunes Monaco - Actualit\u00e9 \u00e0 Monaco\" \/>\n<meta property=\"og:description\" content=\"Les 22 et 23 ao\u00fbt, la Principaut\u00e9 de Monaco a accueilli les deux premi\u00e8res \u00e9tapes de La Vuelta 2026. Un Grand D\u00e9part exceptionnel qui a plac\u00e9 Monaco au c\u0153ur du cyclisme international, avec un contre-la-montre remport\u00e9 par Tadej Poga\u010dar puis le d\u00e9part de la deuxi\u00e8me \u00e9tape en direction de Manosque. Pendant deux jours, Monaco a [&hellip;]\" \/>\n<meta property=\"og:url\" content=\"https:\/\/annuaire-monaco.mc\/news-monaco\/la-vuelta-2026-monaco-a-donne-le-coup-denvoi-dune-edition-spectaculaire\/\" \/>\n<meta property=\"og:site_name\" content=\"Pages Jaunes Monaco - Actualit\u00e9 \u00e0 Monaco\" \/>\n<meta property=\"article:published_time\" content=\"2026-08-31T11:17:11+00:00\" \/>\n<meta property=\"article:modified_time\" content=\"2026-08-31T11:58:05+00:00\" \/>\n<meta property=\"og:image\" content=\"https:\/\/annuaire-monaco.mc\/news-monaco\/wp-content\/uploads\/2026\/08\/vuelta.png\" \/>\n\t<meta property=\"og:image:width\" content=\"1200\" \/>\n\t<meta property=\"og:image:height\" content=\"752\" \/>\n\t<meta property=\"og:image:type\" content=\"image\/png\" \/>\n<meta name=\"author\" content=\"COMPLUSMEDIA\" \/>\n<meta name=\"twitter:card\" content=\"summary_large_image\" \/>\n<meta name=\"twitter:label1\" content=\"\u00c9crit par\" \/>\n\t<meta name=\"twitter:data1\" content=\"COMPLUSMEDIA\" \/>\n\t<meta name=\"twitter:label2\" content=\"Dur\u00e9e de lecture estim\u00e9e\" \/>\n\t<meta name=\"twitter:data2\" content=\"3 minutes\" \/>\n<script type=\"application\/ld+json\" class=\"yoast-schema-graph\">{\"@context\":\"https:\/\/schema.org\",\"@graph\":[{\"@type\":\"WebPage\",\"@id\":\"https:\/\/annuaire-monaco.mc\/news-monaco\/la-vuelta-2026-monaco-a-donne-le-coup-denvoi-dune-edition-spectaculaire\/\",\"url\":\"https:\/\/annuaire-monaco.mc\/news-monaco\/la-vuelta-2026-monaco-a-donne-le-coup-denvoi-dune-edition-spectaculaire\/\",\"name\":\"La Vuelta 2026 : Monaco a donn\u00e9 le coup d'envoi d'une \u00e9dition spectaculaire - Pages Jaunes Monaco - Actualit\u00e9 \u00e0 Monaco\",\"isPartOf\":{\"@id\":\"https:\/\/annuaire-monaco.mc\/news-monaco\/#website\"},\"primaryImageOfPage\":{\"@id\":\"https:\/\/annuaire-monaco.mc\/news-monaco\/la-vuelta-2026-monaco-a-donne-le-coup-denvoi-dune-edition-spectaculaire\/#primaryimage\"},\"image\":{\"@id\":\"https:\/\/annuaire-monaco.mc\/news-monaco\/la-vuelta-2026-monaco-a-donne-le-coup-denvoi-dune-edition-spectaculaire\/#primaryimage\"},\"thumbnailUrl\":\"https:\/\/annuaire-monaco.mc\/news-monaco\/wp-content\/uploads\/2026\/08\/vuelta.png\",\"datePublished\":\"2026-08-31T11:17:11+00:00\",\"dateModified\":\"2026-08-31T11:58:05+00:00\",\"author\":{\"@id\":\"https:\/\/annuaire-monaco.mc\/news-monaco\/#\/schema\/person\/74c2ec4f3819c5974ddfc7c6956cd36c\"},\"breadcrumb\":{\"@id\":\"https:\/\/annuaire-monaco.mc\/news-monaco\/la-vuelta-2026-monaco-a-donne-le-coup-denvoi-dune-edition-spectaculaire\/#breadcrumb\"},\"inLanguage\":\"fr-FR\",\"potentialAction\":[{\"@type\":\"ReadAction\",\"target\":[\"https:\/\/annuaire-monaco.mc\/news-monaco\/la-vuelta-2026-monaco-a-donne-le-coup-denvoi-dune-edition-spectaculaire\/\"]}]},{\"@type\":\"ImageObject\",\"inLanguage\":\"fr-FR\",\"@id\":\"https:\/\/annuaire-monaco.mc\/news-monaco\/la-vuelta-2026-monaco-a-donne-le-coup-denvoi-dune-edition-spectaculaire\/#primaryimage\",\"url\":\"https:\/\/annuaire-monaco.mc\/news-monaco\/wp-content\/uploads\/2026\/08\/vuelta.png\",\"contentUrl\":\"https:\/\/annuaire-monaco.mc\/news-monaco\/wp-content\/uploads\/2026\/08\/vuelta.png\",\"width\":1200,\"height\":752},{\"@type\":\"BreadcrumbList\",\"@id\":\"https:\/\/annuaire-monaco.mc\/news-monaco\/la-vuelta-2026-monaco-a-donne-le-coup-denvoi-dune-edition-spectaculaire\/#breadcrumb\",\"itemListElement\":[{\"@type\":\"ListItem\",\"position\":1,\"name\":\"Accueil\",\"item\":\"https:\/\/annuaire-monaco.mc\/news-monaco\/\"},{\"@type\":\"ListItem\",\"position\":2,\"name\":\"La Vuelta 2026 : Monaco a donn\u00e9 le coup d&rsquo;envoi d&rsquo;une \u00e9dition spectaculaire\"}]},{\"@type\":\"WebSite\",\"@id\":\"https:\/\/annuaire-monaco.mc\/news-monaco\/#website\",\"url\":\"https:\/\/annuaire-monaco.mc\/news-monaco\/\",\"name\":\"Pages Jaunes Monaco - Actualit\u00e9 \u00e0 Monaco\",\"description\":\"L&#039;annuaire officiel de Monaco\",\"potentialAction\":[{\"@type\":\"SearchAction\",\"target\":{\"@type\":\"EntryPoint\",\"urlTemplate\":\"https:\/\/annuaire-monaco.mc\/news-monaco\/?s={search_term_string}\"},\"query-input\":{\"@type\":\"PropertyValueSpecification\",\"valueRequired\":true,\"valueName\":\"search_term_string\"}}],\"inLanguage\":\"fr-FR\"},{\"@type\":\"Person\",\"@id\":\"https:\/\/annuaire-monaco.mc\/news-monaco\/#\/schema\/person\/74c2ec4f3819c5974ddfc7c6956cd36c\",\"name\":\"COMPLUSMEDIA\",\"image\":{\"@type\":\"ImageObject\",\"inLanguage\":\"fr-FR\",\"@id\":\"https:\/\/annuaire-monaco.mc\/news-monaco\/#\/schema\/person\/image\/\",\"url\":\"https:\/\/secure.gravatar.com\/avatar\/239cfc2daf13ab4bc4762181790acb16887db304124437aea8b3b5b33f19beea?s=96&d=mm&r=g\",\"contentUrl\":\"https:\/\/secure.gravatar.com\/avatar\/239cfc2daf13ab4bc4762181790acb16887db304124437aea8b3b5b33f19beea?s=96&d=mm&r=g\",\"caption\":\"COMPLUSMEDIA\"},\"url\":\"https:\/\/annuaire-monaco.mc\/news-monaco\/author\/nicolas\/\"}]}<\/script>\n<!-- \/ Yoast SEO plugin. -->","yoast_head_json":{"title":"La Vuelta 2026 : Monaco a donn\u00e9 le coup d'envoi d'une \u00e9dition spectaculaire - Pages Jaunes Monaco - Actualit\u00e9 \u00e0 Monaco","robots":{"index":"index","follow":"follow","max-snippet":"max-snippet:-1","max-image-preview":"max-image-preview:large","max-video-preview":"max-video-preview:-1"},"canonical":"https:\/\/annuaire-monaco.mc\/news-monaco\/la-vuelta-2026-monaco-a-donne-le-coup-denvoi-dune-edition-spectaculaire\/","og_locale":"fr_FR","og_type":"article","og_title":"La Vuelta 2026 : Monaco a donn\u00e9 le coup d'envoi d'une \u00e9dition spectaculaire - Pages Jaunes Monaco - Actualit\u00e9 \u00e0 Monaco","og_description":"Les 22 et 23 ao\u00fbt, la Principaut\u00e9 de Monaco a accueilli les deux premi\u00e8res \u00e9tapes de La Vuelta 2026. Un Grand D\u00e9part exceptionnel qui a plac\u00e9 Monaco au c\u0153ur du cyclisme international, avec un contre-la-montre remport\u00e9 par Tadej Poga\u010dar puis le d\u00e9part de la deuxi\u00e8me \u00e9tape en direction de Manosque. Pendant deux jours, Monaco a [&hellip;]","og_url":"https:\/\/annuaire-monaco.mc\/news-monaco\/la-vuelta-2026-monaco-a-donne-le-coup-denvoi-dune-edition-spectaculaire\/","og_site_name":"Pages Jaunes Monaco - Actualit\u00e9 \u00e0 Monaco","article_published_time":"2026-08-31T11:17:11+00:00","article_modified_time":"2026-08-31T11:58:05+00:00","og_image":[{"width":1200,"height":752,"url":"https:\/\/annuaire-monaco.mc\/news-monaco\/wp-content\/uploads\/2026\/08\/vuelta.png","type":"image\/png"}],"author":"COMPLUSMEDIA","twitter_card":"summary_large_image","twitter_misc":{"\u00c9crit par":"COMPLUSMEDIA","Dur\u00e9e de lecture estim\u00e9e":"3 minutes"},"schema":{"@context":"https:\/\/schema.org","@graph":[{"@type":"WebPage","@id":"https:\/\/annuaire-monaco.mc\/news-monaco\/la-vuelta-2026-monaco-a-donne-le-coup-denvoi-dune-edition-spectaculaire\/","url":"https:\/\/annuaire-monaco.mc\/news-monaco\/la-vuelta-2026-monaco-a-donne-le-coup-denvoi-dune-edition-spectaculaire\/","name":"La Vuelta 2026 : Monaco a donn\u00e9 le coup d'envoi d'une \u00e9dition spectaculaire - Pages Jaunes Monaco - Actualit\u00e9 \u00e0 Monaco","isPartOf":{"@id":"https:\/\/annuaire-monaco.mc\/news-monaco\/#website"},"primaryImageOfPage":{"@id":"https:\/\/annuaire-monaco.mc\/news-monaco\/la-vuelta-2026-monaco-a-donne-le-coup-denvoi-dune-edition-spectaculaire\/#primaryimage"},"image":{"@id":"https:\/\/annuaire-monaco.mc\/news-monaco\/la-vuelta-2026-monaco-a-donne-le-coup-denvoi-dune-edition-spectaculaire\/#primaryimage"},"thumbnailUrl":"https:\/\/annuaire-monaco.mc\/news-monaco\/wp-content\/uploads\/2026\/08\/vuelta.png","datePublished":"2026-08-31T11:17:11+00:00","dateModified":"2026-08-31T11:58:05+00:00","author":{"@id":"https:\/\/annuaire-monaco.mc\/news-monaco\/#\/schema\/person\/74c2ec4f3819c5974ddfc7c6956cd36c"},"breadcrumb":{"@id":"https:\/\/annuaire-monaco.mc\/news-monaco\/la-vuelta-2026-monaco-a-donne-le-coup-denvoi-dune-edition-spectaculaire\/#breadcrumb"},"inLanguage":"fr-FR","potentialAction":[{"@type":"ReadAction","target":["https:\/\/annuaire-monaco.mc\/news-monaco\/la-vuelta-2026-monaco-a-donne-le-coup-denvoi-dune-edition-spectaculaire\/"]}]},{"@type":"ImageObject","inLanguage":"fr-FR","@id":"https:\/\/annuaire-monaco.mc\/news-monaco\/la-vuelta-2026-monaco-a-donne-le-coup-denvoi-dune-edition-spectaculaire\/#primaryimage","url":"https:\/\/annuaire-monaco.mc\/news-monaco\/wp-content\/uploads\/2026\/08\/vuelta.png","contentUrl":"https:\/\/annuaire-monaco.mc\/news-monaco\/wp-content\/uploads\/2026\/08\/vuelta.png","width":1200,"height":752},{"@type":"BreadcrumbList","@id":"https:\/\/annuaire-monaco.mc\/news-monaco\/la-vuelta-2026-monaco-a-donne-le-coup-denvoi-dune-edition-spectaculaire\/#breadcrumb","itemListElement":[{"@type":"ListItem","position":1,"name":"Accueil","item":"https:\/\/annuaire-monaco.mc\/news-monaco\/"},{"@type":"ListItem","position":2,"name":"La Vuelta 2026 : Monaco a donn\u00e9 le coup d&rsquo;envoi d&rsquo;une \u00e9dition spectaculaire"}]},{"@type":"WebSite","@id":"https:\/\/annuaire-monaco.mc\/news-monaco\/#website","url":"https:\/\/annuaire-monaco.mc\/news-monaco\/","name":"Pages Jaunes Monaco - Actualit\u00e9 \u00e0 Monaco","description":"L&#039;annuaire officiel de Monaco","potentialAction":[{"@type":"SearchAction","target":{"@type":"EntryPoint","urlTemplate":"https:\/\/annuaire-monaco.mc\/news-monaco\/?s={search_term_string}"},"query-input":{"@type":"PropertyValueSpecification","valueRequired":true,"valueName":"search_term_string"}}],"inLanguage":"fr-FR"},{"@type":"Person","@id":"https:\/\/annuaire-monaco.mc\/news-monaco\/#\/schema\/person\/74c2ec4f3819c5974ddfc7c6956cd36c","name":"COMPLUSMEDIA","image":{"@type":"ImageObject","inLanguage":"fr-FR","@id":"https:\/\/annuaire-monaco.mc\/news-monaco\/#\/schema\/person\/image\/","url":"https:\/\/secure.gravatar.com\/avatar\/239cfc2daf13ab4bc4762181790acb16887db304124437aea8b3b5b33f19beea?s=96&d=mm&r=g","contentUrl":"https:\/\/secure.gravatar.com\/avatar\/239cfc2daf13ab4bc4762181790acb16887db304124437aea8b3b5b33f19beea?s=96&d=mm&r=g","caption":"COMPLUSMEDIA"},"url":"https:\/\/annuaire-monaco.mc\/news-monaco\/author\/nicolas\/"}]}},"amp_enabled":true,"_links":{"self":[{"href":"https:\/\/annuaire-monaco.mc\/news-monaco\/wp-json\/wp\/v2\/posts\/8901","targetHints":{"allow":["GET"]}}],"collection":[{"href":"https:\/\/annuaire-monaco.mc\/news-monaco\/wp-json\/wp\/v2\/posts"}],"about":[{"href":"https:\/\/annuaire-monaco.mc\/news-monaco\/wp-json\/wp\/v2\/types\/post"}],"author":[{"embeddable":true,"href":"https:\/\/annuaire-monaco.mc\/news-monaco\/wp-json\/wp\/v2\/users\/15"}],"replies":[{"embeddable":true,"href":"https:\/\/annuaire-monaco.mc\/news-monaco\/wp-json\/wp\/v2\/comments?post=8901"}],"version-history":[{"count":1,"href":"https:\/\/annuaire-monaco.mc\/news-monaco\/wp-json\/wp\/v2\/posts\/8901\/revisions"}],"predecessor-version":[{"id":8903,"href":"https:\/\/annuaire-monaco.mc\/news-monaco\/wp-json\/wp\/v2\/posts\/8901\/revisions\/8903"}],"wp:featuredmedia":[{"embeddable":true,"href":"https:\/\/annuaire-monaco.mc\/news-monaco\/wp-json\/wp\/v2\/media\/8905"}],"wp:attachment":[{"href":"https:\/\/annuaire-monaco.mc\/news-monaco\/wp-json\/wp\/v2\/media?parent=8901"}],"wp:term":[{"taxonomy":"category","embeddable":true,"href":"https:\/\/annuaire-monaco.mc\/news-monaco\/wp-json\/wp\/v2\/categories?post=8901"},{"taxonomy":"post_tag","embeddable":true,"href":"https:\/\/annuaire-monaco.mc\/news-monaco\/wp-json\/wp\/v2\/tags?post=8901"}],"curies":[{"name":"wp","href":"https:\/\/api.w.org\/{rel}","templated":true}]}}